{"id":749,"date":"2012-12-12T13:56:47","date_gmt":"2012-12-12T13:56:47","guid":{"rendered":"http:\/\/www.bild.me\/blog\/?p=749"},"modified":"2013-10-26T12:58:40","modified_gmt":"2013-10-26T12:58:40","slug":"les-miserables-in-magdeburg","status":"publish","type":"post","link":"https:\/\/www.bild.me\/blog\/2012\/12\/les-miserables-in-magdeburg\/","title":{"rendered":"\u201eLes Mis\u00e9rables\u201c in Magdeburg"},"content":{"rendered":"<p>Events wie das <a href=\"http:\/\/www.musicalzauber.com\/portfolio\/der-koenig-der-loewen\" rel=\"nofollow\">Musical Der K\u00f6nig der L\u00f6wen<\/a> erfreuen sich allseits gro\u00dfer beliebtheit. Doch diese Nachricht ist wahrhaft sensationell: Nachdem die Rechte f\u00fcr \u201eLes Mis\u00e9rables\u201c jahrelang f\u00fcr die Auff\u00fchrung an Stadttheatern nicht frei waren, ist es dem Theater Magdeburg nun gelungen, das <a href=\"http:\/\/www.musicalzauber.com\">Musical<\/a> exklusiv auf dem Domplatz Open Air 2013 in Magdeburg auff\u00fchren zu k\u00f6nnen. <\/p>\n<p>Freuen wir uns also auf eine aufregende Premiere am 21. Juni 2013 unter der Regie von Gil Mehmert, seines Zeichens Musical-Professor an der Folkwang Universit\u00e4t Essen und gro\u00dfartiger Spezialist f\u00fcr Open-Air-Produktionen. Das B\u00fchnenbild l\u00e4sst Jens Kilian entstehen und Dagmar Morell wird herrliche Kost\u00fcme designen.<\/p>\n<p>Das packende Musical-Drama nach dem Roman \u00bbLes Mis\u00e9rables\u00ab von Victor Hugo (1862) zog durch die ber\u00fchrende Geschichte und mitrei\u00dfende Musiknummern seit der Urauff\u00fchrung 1985 mehr als 50 Millionen Zuschauer in seinen Bann. Im Dezember 2012 soll eine Neuverfilmung des Musicals mit Hugh Jackman und Russell Crowe in die Kinos kommen. Live ist das Erfolgsmusical 2013 in Deutschland nur beim Magdeburger Domplatz Open Air zu erleben, in der Regie von Gil Mehmert und mit internationaler Starbesetzung!<\/p>\n<p>\u00bbJetzt holt uns ein die alte Zeit \u2026\u00ab \u2013 Der Str\u00e4fling Jean Valjean wird nach seiner Entlassung aus jahrzehntelanger Haft r\u00fcckf\u00e4llig und muss untertauchen. In seiner neuen Identit\u00e4t als B\u00fcrgermeister von Montreuil-sur-Mer gibt er der schwerkranken Arbeiterin Fantine kurz vor ihrem Tod das Versprechen, sich um ihre Tochter Cosette zu k\u00fcmmern. Als Valjeans Erzfeind, Inspektor Javert, ihn als den fl\u00fcchtigen Str\u00e4fling 24601 erkennt, muss Valjean fliehen, um f\u00fcr Cosette da sein zu k\u00f6nnen. Neun Jahre sp\u00e4ter fordert die Liebe zwischen Cosette und dem Studenten Marius in den Wirren der Pariser Barrikadenk\u00e4mpfe ihre Opfer, und Valjean und Javert werden von ihrer Vergangenheit eingeholt \u2026<\/p>\n<p>Lassen sie uns also auf dem Magdeburger Domplatz Open Air 2013 einen Zeitsprung bis hin ins Jahr 1823 machen und begegnen Ganoven, Verr\u00e4tern, Aufst\u00e4ndischen, Bettlern, Liebenden und Verzweifelten in den Jahren der Franz\u00f6sischen Revolution. Sie interessieren sich f\u00fcr Musicals? Dann schauen sie doch mal auf <a href=\"http:\/\/www.musicalzauber.com\/\">musicalzauber.com<\/a> vorbei.<\/p>\n","protected":false},"excerpt":{"rendered":"<p>Events wie das Musical Der K\u00f6nig der L\u00f6wen erfreuen sich allseits gro\u00dfer beliebtheit. Doch diese&#8230;<\/p>\n","protected":false},"author":1,"featured_media":0,"comment_status":"closed","ping_status":"open","sticky":false,"template":"","format":"standard","meta":{"footnotes":""},"categories":[],"tags":[],"class_list":["post-749","post","type-post","status-publish","format-standard","hentry"],"_links":{"self":[{"href":"https:\/\/www.bild.me\/blog\/wp-json\/wp\/v2\/posts\/749","targetHints":{"allow":["GET"]}}],"collection":[{"href":"https:\/\/www.bild.me\/blog\/wp-json\/wp\/v2\/posts"}],"about":[{"href":"https:\/\/www.bild.me\/blog\/wp-json\/wp\/v2\/types\/post"}],"author":[{"embeddable":true,"href":"https:\/\/www.bild.me\/blog\/wp-json\/wp\/v2\/users\/1"}],"replies":[{"embeddable":true,"href":"https:\/\/www.bild.me\/blog\/wp-json\/wp\/v2\/comments?post=749"}],"version-history":[{"count":5,"href":"https:\/\/www.bild.me\/blog\/wp-json\/wp\/v2\/posts\/749\/revisions"}],"predecessor-version":[{"id":1252,"href":"https:\/\/www.bild.me\/blog\/wp-json\/wp\/v2\/posts\/749\/revisions\/1252"}],"wp:attachment":[{"href":"https:\/\/www.bild.me\/blog\/wp-json\/wp\/v2\/media?parent=749"}],"wp:term":[{"taxonomy":"category","embeddable":true,"href":"https:\/\/www.bild.me\/blog\/wp-json\/wp\/v2\/categories?post=749"},{"taxonomy":"post_tag","embeddable":true,"href":"https:\/\/www.bild.me\/blog\/wp-json\/wp\/v2\/tags?post=749"}],"curies":[{"name":"wp","href":"https:\/\/api.w.org\/{rel}","templated":true}]}}