{"id":2602,"date":"2023-12-12T11:57:58","date_gmt":"2023-12-12T10:57:58","guid":{"rendered":"https:\/\/www.bild.me\/blog\/?p=2602"},"modified":"2023-12-12T11:57:58","modified_gmt":"2023-12-12T10:57:58","slug":"auswege-aus-dem-pflegenotstand-innovative-loesungen-vorgestellt","status":"publish","type":"post","link":"https:\/\/www.bild.me\/blog\/2023\/12\/auswege-aus-dem-pflegenotstand-innovative-loesungen-vorgestellt\/","title":{"rendered":"Auswege aus dem Pflegenotstand: Innovative L\u00f6sungen vorgestellt"},"content":{"rendered":"\n<p>Der Pflegenotstand ist ein dr\u00e4ngendes Problem, das viele L\u00e4nder betrifft. Mit einer alternden Bev\u00f6lkerung und einem gleichzeitig schrumpfenden Pool an Pflegekr\u00e4ften suchen Experten nach innovativen L\u00f6sungen, um diese L\u00fccke zu schlie\u00dfen. Es geht nicht nur darum, mehr Personal zu gewinnen, sondern auch um die Verbesserung der Arbeitsbedingungen und die Effizienzsteigerung durch Technologie. In diesem Artikel werden einige der vielversprechendsten Ans\u00e4tze zur Bew\u00e4ltigung der Pflege-Misere vorgestellt.<\/p>\n\n\n\n<h2 class=\"wp-block-heading\">Flexible Arbeitszeitmodelle<\/h2>\n\n\n\n<p>Ein Ansatz zur Linderung des Pflegenotstands ist die Nutzung von <a href=\"https:\/\/flexmedics.ch\/home\"><u>Tempor\u00e4rb\u00fcros in der Pflege<\/u><\/a>. Diese B\u00fcros vermitteln Fachkr\u00e4fte auf zeitlicher Basis, was zu einer flexibleren Arbeitsgestaltung f\u00fchrt. Durch dieses Modell k\u00f6nnen Pflegeeinrichtungen kurzfristige Personalengp\u00e4sse \u00fcberbr\u00fccken und gleichzeitig den Pflegekr\u00e4ften mehr Kontrolle \u00fcber ihre Arbeitszeiten und -bedingungen bieten. Beispielsweise erm\u00f6glichen es diese B\u00fcros Pflegekr\u00e4ften, in verschiedenen Einrichtungen zu arbeiten, was zur Abwechslung und zum Erfahrungsaustausch beitr\u00e4gt.<\/p>\n\n\n\n<h2 class=\"wp-block-heading\">Digitalisierung der Pflegedokumentation<\/h2>\n\n\n\n<p>Die Digitalisierung der Pflegedokumentation kann zu einer erheblichen Entlastung des Pflegepersonals f\u00fchren. Durch den Einsatz digitaler Tools zur Erfassung und Verwaltung von Patientendaten wird Zeit eingespart, die sonst f\u00fcr manuelle Dokumentationsaufgaben aufgewendet wird. Tablet-PCs, spezialisierte Software und mobile Apps erm\u00f6glichen eine schnellere und genauere Datenerfassung. Dies f\u00fchrt nicht nur zu einer effizienteren Arbeitsweise, sondern verbessert auch die Qualit\u00e4t der Pflege, da mehr Zeit f\u00fcr die direkte Patientenbetreuung bleibt.<\/p>\n\n\n\n<h2 class=\"wp-block-heading\">Einsatz von Robotik und KI in der Pflege<\/h2>\n\n\n\n<p>Die Integration von Robotik und k\u00fcnstlicher Intelligenz (KI) in die Pflege ist ein weiterer vielversprechender Ansatz. Roboter k\u00f6nnen bei Routineaufgaben wie dem Transport von Materialien oder der Unterst\u00fctzung bei der Mobilit\u00e4t von Patienten eingesetzt werden.<\/p>\n\n\n\n<p>Roboter k\u00f6nnen etwa speziell entwickelte Hebehilfen nutzen, um Patienten beim Transfer vom Bett zum Rollstuhl oder zur Toilette zu unterst\u00fctzen. Dies reduziert die k\u00f6rperliche Belastung der Pflegekr\u00e4fte, die sonst schwere Hebearbeiten leisten m\u00fcssten.<\/p>\n\n\n\n<p>KI-Systeme k\u00f6nnen dabei helfen, Pflegepl\u00e4ne zu optimieren und medizinische Daten zu analysieren, um individuell abgestimmte Pflegeleistungen zu erm\u00f6glichen. Sensoren und Wearables k\u00f6nnen Vitalparameter wie Herzfrequenz, Blutdruck und Sauerstoffs\u00e4ttigung \u00fcberwachen. KI analysiert kontinuierlich diese Daten und alarmiert bei Abweichungen, was eine schnelle Reaktion erm\u00f6glicht.<\/p>\n\n\n\n<p>Bislang werden die k\u00f6rperlichen Belastungen f\u00fcr Pflegekr\u00e4fte im Alltag untersch\u00e4tzt. Durch das st\u00e4ndige Heben und andere schwere Aufgaben kann es zu langfristigen Gesundheitsproblemen kommen. Vor allem R\u00fccken- und Muskelproblemen sind eine der Hauptursachen f\u00fcr die Arbeitsunf\u00e4higkeit im Pflegebereich. Durch die kombinierte Anwendung von Manpower und technischer Hilfe k\u00f6nnten solche Anstrengungen k\u00fcnftig weniger und das Pflegepersonal zufriedener werden.<\/p>\n\n\n\n<h2 class=\"wp-block-heading\">Spezialisierung und Fortbildung<\/h2>\n\n\n\n<p>Die F\u00f6rderung von Spezialisierung und Fortbildung in der Pflege ist von entscheidender Bedeutung, um die Qualit\u00e4t der Pflegeleistungen zu steigern und den steigenden Anforderungen im Gesundheitswesen gerecht zu werden.<\/p>\n\n\n\n<p>Eine Spezialisierung auf die Pflege \u00e4lterer Menschen ist in einer alternden Gesellschaft von gro\u00dfer Bedeutung. Gerontologische Pflegekr\u00e4fte sind darauf spezialisiert, die besonderen Bed\u00fcrfnisse und Herausforderungen \u00e4lterer Patienten zu verstehen und angemessen zu reagieren. Dies kann die Fr\u00fcherkennung von Alterskrankheiten, die Unterst\u00fctzung bei der Bew\u00e4ltigung von Demenz oder die F\u00f6rderung der Lebensqualit\u00e4t im Alter umfassen.<\/p>\n\n\n\n<p>Der Fokus auf die sogenannte Palliativpflege ist ebenfalls m\u00f6glich. Sie konzentriert sich auf die Betreuung von Patienten mit schweren, fortgeschrittenen Krankheiten, bei denen eine Heilung nicht mehr m\u00f6glich ist. Die Mitarbeiter sind darin geschult, Schmerzen zu lindern, Symptome zu kontrollieren und emotionalen Beistand zu leisten. Doch die Palliativpflege verlangt vor allem mental viel von den Pflegekr\u00e4ften ab. Durch eine Schulung und Weiterbildung im Bereich der mentalen St\u00e4rke h\u00e4lt die Aufgabenbew\u00e4ltigung wom\u00f6glich leichter und die psychischen Erkrankungen beim Fachpersonal selbst werden weniger.<\/p>\n","protected":false},"excerpt":{"rendered":"<p>Der Pflegenotstand ist ein dr\u00e4ngendes Problem, das viele L\u00e4nder betrifft. Mit einer alternden Bev\u00f6lkerung und&#8230;<\/p>\n","protected":false},"author":1,"featured_media":2603,"comment_status":"closed","ping_status":"open","sticky":false,"template":"","format":"standard","meta":{"footnotes":""},"categories":[1],"tags":[],"class_list":["post-2602","post","type-post","status-publish","format-standard","has-post-thumbnail","hentry","category-allgemein"],"_links":{"self":[{"href":"https:\/\/www.bild.me\/blog\/wp-json\/wp\/v2\/posts\/2602","targetHints":{"allow":["GET"]}}],"collection":[{"href":"https:\/\/www.bild.me\/blog\/wp-json\/wp\/v2\/posts"}],"about":[{"href":"https:\/\/www.bild.me\/blog\/wp-json\/wp\/v2\/types\/post"}],"author":[{"embeddable":true,"href":"https:\/\/www.bild.me\/blog\/wp-json\/wp\/v2\/users\/1"}],"replies":[{"embeddable":true,"href":"https:\/\/www.bild.me\/blog\/wp-json\/wp\/v2\/comments?post=2602"}],"version-history":[{"count":1,"href":"https:\/\/www.bild.me\/blog\/wp-json\/wp\/v2\/posts\/2602\/revisions"}],"predecessor-version":[{"id":2604,"href":"https:\/\/www.bild.me\/blog\/wp-json\/wp\/v2\/posts\/2602\/revisions\/2604"}],"wp:featuredmedia":[{"embeddable":true,"href":"https:\/\/www.bild.me\/blog\/wp-json\/wp\/v2\/media\/2603"}],"wp:attachment":[{"href":"https:\/\/www.bild.me\/blog\/wp-json\/wp\/v2\/media?parent=2602"}],"wp:term":[{"taxonomy":"category","embeddable":true,"href":"https:\/\/www.bild.me\/blog\/wp-json\/wp\/v2\/categories?post=2602"},{"taxonomy":"post_tag","embeddable":true,"href":"https:\/\/www.bild.me\/blog\/wp-json\/wp\/v2\/tags?post=2602"}],"curies":[{"name":"wp","href":"https:\/\/api.w.org\/{rel}","templated":true}]}}