{"id":2076,"date":"2021-09-07T09:10:00","date_gmt":"2021-09-07T09:10:00","guid":{"rendered":"https:\/\/www.bild.me\/blog\/?p=2076"},"modified":"2021-09-08T10:24:45","modified_gmt":"2021-09-08T10:24:45","slug":"kinder-auf-dem-motorrad-ab-diesem-alter-duerfen-sie-mitfahren","status":"publish","type":"post","link":"https:\/\/www.bild.me\/blog\/2021\/09\/kinder-auf-dem-motorrad-ab-diesem-alter-duerfen-sie-mitfahren\/","title":{"rendered":"Kinder auf dem Motorrad: Ab diesem Alter d\u00fcrfen sie mitfahren"},"content":{"rendered":"\n<div class=\"wp-block-image\"><figure class=\"alignleft size-full is-resized\"><a href=\"https:\/\/www.bild.me\/blog\/wp-content\/uploads\/2021\/09\/couple-768607_640.jpg\"><img loading=\"lazy\" decoding=\"async\" src=\"https:\/\/www.bild.me\/blog\/wp-content\/uploads\/2021\/09\/couple-768607_640.jpg\" alt=\"\" class=\"wp-image-2077\" width=\"257\" height=\"171\" srcset=\"https:\/\/www.bild.me\/blog\/wp-content\/uploads\/2021\/09\/couple-768607_640.jpg 640w, https:\/\/www.bild.me\/blog\/wp-content\/uploads\/2021\/09\/couple-768607_640-300x200.jpg 300w\" sizes=\"auto, (max-width: 257px) 100vw, 257px\" \/><\/a><\/figure><\/div>\n\n\n\n<p>Oft kommen begeisterte Motorradfahrer auf die Idee, dass es doch toll w\u00e4re, einmal die eigenen Kinder auf dem Motorrad bei einer Tour mitfahren zu lassen. Aber hier stellt sich vielen&nbsp;Motorradfahrern&nbsp;dann&nbsp;erstmal&nbsp;die Frage, ob das \u00fcberhaupt erlaubt ist. Ab welchem Alter d\u00fcrfen Kinder auf dem Motorrad mitfahren?<br><br><strong>Ein konkretes Alter gibt es nicht<\/strong><br>Was die Mitnahme von Kindern betrifft, so ist diese im Paragraf&nbsp;35a, Absatz 9 der&nbsp;StVZO&nbsp;festgehalten. Hier hei\u00dft es, dass das Motorrad mit einem Beifahrersitz ausgestattet sein muss, damit Mitfahrer mitgenommen werden d\u00fcrfen. Das ist allerdings nicht der Fall, wenn man ein Kind mitnehmen m\u00f6chte, das noch nicht sieben Jahre alt ist. Hier ist die Mitnahme erlaubt, wenn ein spezieller Sitz vorliegt und durch bauliche Ma\u00dfnahmen ausgeschlossen werden kann, dass die F\u00fc\u00dfe des Kindes in die Speichen kommen k\u00f6nnten.<br><br>Ein konkretes Alter, ab dem man Kinder auf dem Motorrad mitnehmen darf, gibt es allerdings nicht. Hier muss man individuell entscheiden, ob das Kind schon reif genug ist, um auf dem Motorrad mitfahren zu k\u00f6nnen. Auch k\u00f6rperlich m\u00fcssen die Kinder in der Lage sein: Sie m\u00fcssen genug Kraft haben, um sich w\u00e4hrend der Fahrt festhalten zu k\u00f6nnen und m\u00fcssen au\u00dferdem gro\u00df genug sein, um die&nbsp;Fu\u00dfrasten&nbsp;erreichen zu k\u00f6nnen. Meistens ist das im Alter zwischen acht und zehn Jahren der Fall.<br><br><strong>Welche Schutzausr\u00fcstung wird ben\u00f6tigt?<\/strong><br>Selbstverst\u00e4ndlich m\u00fcssen auch mitfahrende Kinder&nbsp;mit&nbsp;einer guten Schutzausr\u00fcstung ausgestattet werden. Diese kann man entweder kaufen oder ausleihen. Was den Helm betrifft, so sollte dieser unbedingt f\u00fcr Kinder ausgelegt sein, was auf die noch nicht vollst\u00e4ndig entwickelte&nbsp;Nackenmuskulatur&nbsp;zur\u00fcckzuf\u00fchren ist. Ansonsten ist noch wichtig, dass man die Kinder auf einem geeigneten&nbsp;<a href=\"https:\/\/www.motorrad-online-vergleich.de\/motorrad-kindersitz\/\">Motorrad Kindersitz&nbsp;<\/a>mitnimmt.<br><br><strong>Extrem wichtig: Kommunikation mit dem Kind<\/strong><br>Auf jeden Fall sollte man schon vor der Fahrt mit dem Kind besprechen, wie es sich w\u00e4hrend der Fahrt verhalten sollte. Das ist insbesondere f\u00fcr das Verhalten in Kurven wichtig. Auch vorher festgelegte Handzeichen, zum Beispiel ein Klopfen, sind eine gute M\u00f6glichkeit, um w\u00e4hrend der Fahrt das Wohlbefinden des Kindes sicherstellen zu k\u00f6nnen. Noch besser ist es nat\u00fcrlich, die Helme mit einer sogenannten Gegensprechanlage auszur\u00fcsten. Mit einem solchen System kann man w\u00e4hrend der Fahrt mit den Kindern ganz normal reden, was die Kommunikation erheblich vereinfacht.<br><br>Au\u00dferdem ist es zu empfehlen, dass man vor der gro\u00dfen Tour eine kleine&nbsp;\u00dcbungsfahrt&nbsp;durchf\u00fchrt, damit sich das Kind an das Mitfahren auf dem Motorrad gew\u00f6hnen und dann entscheiden kann, ob es Spa\u00df daran h\u00e4tte, bei einer gr\u00f6\u00dferen Tour mitzumachen.<br><br><strong>Kinder auf dem Motorrad mitnehmen: Ja oder nein?<\/strong><br>Nat\u00fcrlich sollte man immer daran denken, dass&nbsp;Motorradfahren&nbsp;immer Risiken mit sich bringt. Nun muss man dar\u00fcber nachdenken, ob man auch das eigene Kind diesem Risiko aussetzen will. Auf keinen Fall sollte man das Kind zur Mitfahrt \u00fcberreden &#8211; wenn es nicht m\u00f6chte, muss das unbedingt akzeptiert werden. Falls man sich daf\u00fcr entscheidet, das Kind mitzunehmen und dieses auch Lust darauf hat, muss man auf jeden Fall auf eine gute Schutzausr\u00fcstung und eine funktionierende Kommunikation achten. Somit steht einer spa\u00dfigen&nbsp;Motorradtour&nbsp;mit dem Kind nichts mehr im Wege.<\/p>\n","protected":false},"excerpt":{"rendered":"<p>Oft kommen begeisterte Motorradfahrer auf die Idee, dass es doch toll w\u00e4re, einmal die eigenen&#8230;<\/p>\n","protected":false},"author":1,"featured_media":0,"comment_status":"closed","ping_status":"open","sticky":false,"template":"","format":"standard","meta":{"footnotes":""},"categories":[],"tags":[],"class_list":["post-2076","post","type-post","status-publish","format-standard","hentry"],"_links":{"self":[{"href":"https:\/\/www.bild.me\/blog\/wp-json\/wp\/v2\/posts\/2076","targetHints":{"allow":["GET"]}}],"collection":[{"href":"https:\/\/www.bild.me\/blog\/wp-json\/wp\/v2\/posts"}],"about":[{"href":"https:\/\/www.bild.me\/blog\/wp-json\/wp\/v2\/types\/post"}],"author":[{"embeddable":true,"href":"https:\/\/www.bild.me\/blog\/wp-json\/wp\/v2\/users\/1"}],"replies":[{"embeddable":true,"href":"https:\/\/www.bild.me\/blog\/wp-json\/wp\/v2\/comments?post=2076"}],"version-history":[{"count":2,"href":"https:\/\/www.bild.me\/blog\/wp-json\/wp\/v2\/posts\/2076\/revisions"}],"predecessor-version":[{"id":2079,"href":"https:\/\/www.bild.me\/blog\/wp-json\/wp\/v2\/posts\/2076\/revisions\/2079"}],"wp:attachment":[{"href":"https:\/\/www.bild.me\/blog\/wp-json\/wp\/v2\/media?parent=2076"}],"wp:term":[{"taxonomy":"category","embeddable":true,"href":"https:\/\/www.bild.me\/blog\/wp-json\/wp\/v2\/categories?post=2076"},{"taxonomy":"post_tag","embeddable":true,"href":"https:\/\/www.bild.me\/blog\/wp-json\/wp\/v2\/tags?post=2076"}],"curies":[{"name":"wp","href":"https:\/\/api.w.org\/{rel}","templated":true}]}}