{"id":2019,"date":"2021-06-28T20:05:23","date_gmt":"2021-06-28T20:05:23","guid":{"rendered":"https:\/\/www.bild.me\/blog\/?p=2019"},"modified":"2022-07-14T08:20:53","modified_gmt":"2022-07-14T08:20:53","slug":"eine-terrassenueberdachung-erhoeht-den-wert-des-gartens","status":"publish","type":"post","link":"https:\/\/www.bild.me\/blog\/2021\/06\/eine-terrassenueberdachung-erhoeht-den-wert-des-gartens\/","title":{"rendered":"Eine Terrassen\u00fcberdachung erh\u00f6ht den Wert des Gartens"},"content":{"rendered":"<div class=\"wp-block-image\">\n<figure class=\"alignleft size-large is-resized\"><a href=\"https:\/\/www.bild.me\/blog\/wp-content\/uploads\/2021\/06\/garden-4325782_640.jpg\"><img loading=\"lazy\" decoding=\"async\" src=\"https:\/\/www.bild.me\/blog\/wp-content\/uploads\/2021\/06\/garden-4325782_640.jpg\" alt=\"\" class=\"wp-image-2020\" width=\"267\" height=\"178\" srcset=\"https:\/\/www.bild.me\/blog\/wp-content\/uploads\/2021\/06\/garden-4325782_640.jpg 640w, https:\/\/www.bild.me\/blog\/wp-content\/uploads\/2021\/06\/garden-4325782_640-300x200.jpg 300w\" sizes=\"auto, (max-width: 267px) 100vw, 267px\" \/><\/a><\/figure>\n<\/div>\n\n\n<p>Nicht nur im Sommer erh\u00f6hen der eigene Garten und die Terrasse die Lebensqualit\u00e4t. Manche bezeichnen den Garten sogar als das zweite Wohnzimmer. Dies sollte jedoch nicht auf den Sommer beschr\u00e4nkt bleiben. Durch eine Terrassen\u00fcberdachung l\u00e4sst sich die Terrasse das ganze Jahr nutzen und macht dem Hausbesitzer auch noch im Winter Freude.<\/p>\n\n\n\n<p>Die Kunden k\u00f6nnen unter mehreren Angeboten die Terrassen\u00fcberdachung w\u00e4hlen, die am besten zu ihren H\u00e4usern und G\u00e4rten passen. Die \u00dcberdachungen bestehen aus Polycarbonat, Klarglas oder Milchglas. Daneben gibt es Materialien mit unterschiedlichen Lichtdurchl\u00e4ssigkeiten. Zu den \u00dcberdachungen sind optional Schiebet\u00fcren aus Glas erh\u00e4ltlich, sodass aus der Terrassen\u00fcberdachung mit nur wenig Aufwand ein Wintergarten wird.<\/p>\n\n\n\n<p>Die Terrassen\u00fcberdachungen tragen bis zu einem Meter Schnee, sodass auch bei einem strengen Winter das Dach keinen Schaden nimmt. Sogar einen Orkan und ein schweres Erdbeben machen dem Dach nichts aus. Die Preise sind g\u00fcnstig, da der Hersteller ohne Zwischenverk\u00e4ufer arbeitet. Der Kunde bekommt die D\u00e4cher direkt vom Produzenten. Die Lieferung erfolgt ebenfalls durch den Hersteller innerhalb des Liefergebiets. Befindet sich der Kunde oder die Kundin in einem Umkreis von 200 Kilometer um Eindhoven, liefert die Firma direkt ab Werk. Ansonsten erfolgt die Lieferung an eine Filiale oder an einem Wunschort im Liefergebiet. Die Abholung ist an sieben Tagen in der Woche m\u00f6glich.<\/p>\n\n\n\n<p>Die Terrassen\u00fcberdachung wird als Bausatz geliefert. Die Montage ist selbst f\u00fcr Menschen mit geringem handwerklichem Geschick kein Problem. Im Internet gibt es Anleitungen und Videos. Die Kunden m\u00fcssen nur genau danach vorgehen und schon nach wenigen Stunden k\u00f6nnen sie sich \u00fcber die neue \u00dcberdachung freuen.<\/p>\n\n\n\n<p>Kunden lesen sich am besten vor dem Eintreffen ihrer Ware die genaue Anleitung durch. Darin erhalten sie viele wertvolle Hinweise, welches Werkzeug sie ben\u00f6tigen und wie sie die Mauer am besten vorbereiten. Einen ersten Eindruck von der bevorstehenden Arbeit erhalten die Interessenten durch ein Montagevideo. Jeder Bestellung liegt au\u00dferdem eine detaillierte Aufbauanleitung bei.<\/p>\n\n\n\n<p> Der Sommer ist f\u00fcr viele Gartenbesitzer die sch\u00f6nste Zeit des Jahres. Mit einer Terrassen\u00fcberdachung k\u00f6nnen sie auch die \u00fcbrigen Jahreszeiten genie\u00dfen. Diese Anschaffung ist nicht teuer und wenn Interessierte den Aufbau selbst \u00fcbernehmen, sparen sie zus\u00e4tzlich Kosten<\/p>\n","protected":false},"excerpt":{"rendered":"<p>Nicht nur im Sommer erh\u00f6hen der eigene Garten und die Terrasse die Lebensqualit\u00e4t. Manche bezeichnen&#8230;<\/p>\n","protected":false},"author":1,"featured_media":0,"comment_status":"closed","ping_status":"open","sticky":false,"template":"","format":"standard","meta":{"footnotes":""},"categories":[],"tags":[],"class_list":["post-2019","post","type-post","status-publish","format-standard","hentry"],"_links":{"self":[{"href":"https:\/\/www.bild.me\/blog\/wp-json\/wp\/v2\/posts\/2019","targetHints":{"allow":["GET"]}}],"collection":[{"href":"https:\/\/www.bild.me\/blog\/wp-json\/wp\/v2\/posts"}],"about":[{"href":"https:\/\/www.bild.me\/blog\/wp-json\/wp\/v2\/types\/post"}],"author":[{"embeddable":true,"href":"https:\/\/www.bild.me\/blog\/wp-json\/wp\/v2\/users\/1"}],"replies":[{"embeddable":true,"href":"https:\/\/www.bild.me\/blog\/wp-json\/wp\/v2\/comments?post=2019"}],"version-history":[{"count":3,"href":"https:\/\/www.bild.me\/blog\/wp-json\/wp\/v2\/posts\/2019\/revisions"}],"predecessor-version":[{"id":2367,"href":"https:\/\/www.bild.me\/blog\/wp-json\/wp\/v2\/posts\/2019\/revisions\/2367"}],"wp:attachment":[{"href":"https:\/\/www.bild.me\/blog\/wp-json\/wp\/v2\/media?parent=2019"}],"wp:term":[{"taxonomy":"category","embeddable":true,"href":"https:\/\/www.bild.me\/blog\/wp-json\/wp\/v2\/categories?post=2019"},{"taxonomy":"post_tag","embeddable":true,"href":"https:\/\/www.bild.me\/blog\/wp-json\/wp\/v2\/tags?post=2019"}],"curies":[{"name":"wp","href":"https:\/\/api.w.org\/{rel}","templated":true}]}}